
{"id":141,"date":"2019-10-24T22:10:15","date_gmt":"2019-10-24T22:10:15","guid":{"rendered":"http:\/\/iesanjosemonitos.edu.co\/?p=141"},"modified":"2019-10-24T22:10:15","modified_gmt":"2019-10-24T22:10:15","slug":"dia-del-idioma-2019","status":"publish","type":"post","link":"https:\/\/iesanjosemonitos.edu.co\/index.php\/2019\/10\/24\/dia-del-idioma-2019\/","title":{"rendered":"Conmemoraci\u00f3n 20 de julio"},"content":{"rendered":"\n<p> Recordemos que el 20 de julio es el d\u00eda que simboliza la independencia de Colombia de la colonizaci\u00f3n espa\u00f1ola, por lo que esta fecha es la celebraci\u00f3n patri\u00f3tica m\u00e1s importante del pa\u00eds. Conscientes de la importancia de la promoci\u00f3n de valores y principios as\u00ed como el compromiso que tenemos de formar m\u00e1s y mejores ciudadanos esta celebraci\u00f3n en la instituci\u00f3n educativa San Jos\u00e9 de Mo\u00f1itos es un sentir, un orgullo y una importante herramienta de transmisi\u00f3n de aprendizajes as\u00ed como de valores hist\u00f3ricos y culturales de la patria. Estos actos se engalanan con las representaciones que los miembros de nuestra comunidad educativa hacen de las variadas y riqu\u00edsimas manifestaciones folcl\u00f3ricas y culturales de las diferentes regiones del pa\u00eds as\u00ed como de las gestas libertadoras llevadas a cabo por los pr\u00f3ceres de la independencia.<\/p>\n\n\n\n<p>\u00a1Feliz d\u00eda de la independencia!  <\/p>\n\n\n\n<figure class=\"wp-block-embed-youtube wp-block-embed is-type-video is-provider-youtube wp-embed-aspect-16-9 wp-has-aspect-ratio\"><div class=\"wp-block-embed__wrapper\">\n<iframe loading=\"lazy\" title=\"20 DE JULIO - D\u00cdA DE LA INDEPENDENCIA DE COLOMBIA\" width=\"700\" height=\"394\" src=\"https:\/\/www.youtube.com\/embed\/tfYzHK5eQuE?feature=oembed\" frameborder=\"0\" allow=\"accelerometer; autoplay; encrypted-media; gyroscope; picture-in-picture\" allowfullscreen><\/iframe>\n<\/div><\/figure>\n","protected":false},"excerpt":{"rendered":"<p>Recordemos que el 20 de julio es el d\u00eda que simboliza la independencia de Colombia de la colonizaci\u00f3n espa\u00f1ola, por lo que esta fecha es la celebraci\u00f3n patri\u00f3tica m\u00e1s importante del pa\u00eds. Conscientes de la importancia de la promoci\u00f3n de&hellip; <\/p>\n","protected":false},"author":1,"featured_media":0,"comment_status":"closed","ping_status":"closed","sticky":true,"template":"","format":"standard","meta":{"_jetpack_memberships_contains_paid_content":false,"footnotes":""},"categories":[1],"tags":[],"jetpack_sharing_enabled":true,"jetpack_featured_media_url":"","_links":{"self":[{"href":"https:\/\/iesanjosemonitos.edu.co\/index.php\/wp-json\/wp\/v2\/posts\/141"}],"collection":[{"href":"https:\/\/iesanjosemonitos.edu.co\/index.php\/wp-json\/wp\/v2\/posts"}],"about":[{"href":"https:\/\/iesanjosemonitos.edu.co\/index.php\/wp-json\/wp\/v2\/types\/post"}],"author":[{"embeddable":true,"href":"https:\/\/iesanjosemonitos.edu.co\/index.php\/wp-json\/wp\/v2\/users\/1"}],"replies":[{"embeddable":true,"href":"https:\/\/iesanjosemonitos.edu.co\/index.php\/wp-json\/wp\/v2\/comments?post=141"}],"version-history":[{"count":0,"href":"https:\/\/iesanjosemonitos.edu.co\/index.php\/wp-json\/wp\/v2\/posts\/141\/revisions"}],"wp:attachment":[{"href":"https:\/\/iesanjosemonitos.edu.co\/index.php\/wp-json\/wp\/v2\/media?parent=141"}],"wp:term":[{"taxonomy":"category","embeddable":true,"href":"https:\/\/iesanjosemonitos.edu.co\/index.php\/wp-json\/wp\/v2\/categories?post=141"},{"taxonomy":"post_tag","embeddable":true,"href":"https:\/\/iesanjosemonitos.edu.co\/index.php\/wp-json\/wp\/v2\/tags?post=141"}],"curies":[{"name":"wp","href":"https:\/\/api.w.org\/{rel}","templated":true}]}}